{"id":42,"date":"2025-12-01T08:58:37","date_gmt":"2025-12-01T07:58:37","guid":{"rendered":"https:\/\/pixelliberty.hu\/?p=42"},"modified":"2025-12-16T11:46:10","modified_gmt":"2025-12-16T10:46:10","slug":"az-5-kedvenc-webdesign-trendem-2025-ben","status":"publish","type":"post","link":"https:\/\/pixelliberty.hu\/?p=42","title":{"rendered":"Az 5 kedvenc webdesign trendem 2025-ben"},"content":{"rendered":"\n<p>N\u00e9zz\u00fck meg az 5 kedvenc webdesign trendemet 2025-ben. A v\u00e1laszt\u00e1s most sem volt k\u00f6nny\u0171, <\/p>\n\n\n\n<ol class=\"wp-block-list\">\n<li>Sz\u00edntrendek:<\/li>\n<\/ol>\n\n\n\n<p>Digit\u00e1lis k\u00e9nyelem. J\u00f3, de mi ez, ebben az esetben? A 2025-\u00f6s \u00e9vben a tervez\u0151k jelent\u0151s elmozdul\u00e1st mutatnak a nyugtat\u00f3bb, befogadhat\u00f3bb sz\u00ednpalett\u00e1k fel\u00e9. Egyre ink\u00e1bb teret nyernek a gondosan \u00f6sszev\u00e1logatott sz\u00ednek, melyek nem f\u00e1rasztj\u00e1k a szem\u00fcnket, el\u0151t\u00e9rbe helyezve ezzel a jobb felhaszn\u00e1l\u00f3i \u00e9lm\u00e9nyt. Nem kell att\u00f3l tartanunk, hogy ett\u0151l unalmass\u00e1 v\u00e1lnak az arculatok, a tervez\u0151k gazdag, meleg t\u00f3nusokkal vezetik \u00e9s tartj\u00e1k fenn az \u00e9rdekl\u0151d\u0151k figyelm\u00e9t a weboldalak elej\u00e9t\u0151l a v\u00e9g\u00e9ig. Az \u00e9v Pantone sz\u00edne a Mocca Mousse, mely nagyszer\u0171en szeml\u00e9lteti a soksz\u00edn\u0171 felhaszn\u00e1lhat\u00f3s\u00e1got, l\u00e1gy de m\u00e9gis er\u0151teljes hangulat\u00e1val kifinomult \u00e9s nyugalmat sug\u00e1rz\u00f3 is egyben.&nbsp;<\/p>\n\n\n\n<ol start=\"2\" class=\"wp-block-list\">\n<li>Fenntarthat\u00f3 webdesign<\/li>\n<\/ol>\n\n\n\n<p>Hogyan lehet egy weboldal k\u00f6rnyezetbar\u00e1t? Els\u0151re \u00e9rdekesnek t\u0171nhet, de weboldalunknak ugyan\u00fagy van \u00f6kol\u00f3giai l\u00e1bnyoma m\u00e1s n\u00e9ven sz\u00e9nl\u00e1bnyoma, mint nek\u00fcnk, emberek. 2025-ben folytat\u00f3dik a tudatos t\u00f6rekv\u00e9s a k\u00e1rosanyag- kibocs\u00e1t\u00e1s cs\u00f6kkent\u00e9s\u00e9re. Ezeket a gyakorlatban hat\u00e9kony \u00e9s optimaliz\u00e1lt, egyszer\u0171s\u00edtett k\u00f3dol\u00e1ssal \u00e9s korszer\u0171 t\u00e1rhelyekkel igyekeznek megoldani. A fenntarthat\u00f3 webdesign nemcsak cs\u00f6kkenti a k\u00f6rnyezetre gyakorolt negat\u00edv hat\u00e1sokat, de gyorsabb \u00e9s felhaszn\u00e1l\u00f3bar\u00e1tabb \u00e9lm\u00e9nyt ny\u00fajt az internetez\u0151knek. A bet\u00f6lt\u00e9si id\u0151 cs\u00f6kken, a tiszta \u00e9s \u00e1tl\u00e1that\u00f3 weboldal k\u00f3dok pedig optim\u00e1lisabb t\u00e1rol\u00e1si lehet\u0151s\u00e9get is magukban rejtenek. A k\u00f6rnyezet hat\u00e9konys\u00e1g m\u00e1r nem csak men\u0151, de alapelv\u00e1r\u00e1s is.&nbsp;<\/p>\n\n\n\n<ol start=\"3\" class=\"wp-block-list\">\n<li>S\u00f6t\u00e9t m\u00f3d<\/li>\n<\/ol>\n\n\n\n<p>Mindenki tudja m\u00e1r, hogy egyre t\u00f6bb id\u0151t t\u00f6lt\u00fcnk monitorok, okoseszk\u00f6z\u00f6k el\u0151tt, ennek k\u00f6vetkezt\u00e9ben szem\u00fcnk terhel\u00e9se is folyamatosan n\u00f6vekszik. A dark mode m\u00e1r nem csak programoz\u00f3 berkekben alap be\u00e1ll\u00edt\u00e1s, egyre t\u00f6bb designer optimaliz\u00e1lja a weboldalakat erre a felhaszn\u00e1l\u00e1si m\u00f3dra is. Kellemesebb a szem\u00fcnknek, nem f\u00e1radunk el olyan hamar b\u00f6ng\u00e9sz\u00e9s k\u00f6zben (hurr\u00e1, n\u00e9zhetj\u00fck t\u00f6bbet). A szakmai szempontokat k\u00f6vetve pedig nagyon k\u00f6nnyen ultramodern hat\u00e1st k\u00f6lcs\u00f6n\u00f6zhet\u00fcnk a honlapunknak, ha egy-egy design elemnek csak a k\u00f6rnyezet\u00e9t s\u00f6t\u00e9t\u00edtj\u00fck. Tervez\u0151k, dark mode-ra fel! Ne f\u00e9lj\u00fcnk megval\u00f3s\u00edtani a design-ok inverz\u00e9t, rengeteg lehet\u0151s\u00e9get tartogat sz\u00e1munkra ez a felhaszn\u00e1l\u00f3i \u00e9lm\u00e9ny.&nbsp;<\/p>\n\n\n\n<ol start=\"4\" class=\"wp-block-list\">\n<li>Antidesign<\/li>\n<\/ol>\n\n\n\n<p>Design, ami nem is design? Hogy is van ez? Ez a trend a szab\u00e1lyok \u00e9s az id\u00e1ig elismert trendek nett\u00f3 \u00e1tl\u00e9p\u00e9se. \u00dctk\u00f6z\u0151 sz\u00ednek \u00e9s \u00e1tfed\u0151 grafik\u00e1k, hangs\u00falyos tipogr\u00e1fia \u00e9s zs\u00fafolts\u00e1g. Itt azt\u00e1n mindent lehet, csak pr\u00f3b\u00e1ld ki. Sz\u00e1nd\u00e9kos t\u00f6k\u00e9letlens\u00e9g\u00e9vel k\u00f6zelebbi kapcsolatot alak\u00edt ki a felhaszn\u00e1l\u00f3val, ett\u0151l lesz emberibb, bar\u00e1ts\u00e1gosabb az eg\u00e9sz.<\/p>\n\n\n\n<div style=\"height:50px\" aria-hidden=\"true\" class=\"wp-block-spacer\"><\/div>\n\n\n\n<div class=\"wp-block-group feliratkozas\"><div class=\"wp-block-group__inner-container is-layout-constrained wp-block-group-is-layout-constrained\">\n<div style=\"height:50px\" aria-hidden=\"true\" class=\"wp-block-spacer\"><\/div>\n\n\n\n<h2 class=\"wp-block-heading\">Tetszett a cikk?<\/h2>\n\n\n\n<p>Tov\u00e1bbi inspir\u00e1ci\u00f3k\u00e9rt maradjunk kapcsolatban!<\/p>\n\n\n<script>(function() {\n\twindow.mc4wp = window.mc4wp || {\n\t\tlisteners: [],\n\t\tforms: {\n\t\t\ton: function(evt, cb) {\n\t\t\t\twindow.mc4wp.listeners.push(\n\t\t\t\t\t{\n\t\t\t\t\t\tevent   : evt,\n\t\t\t\t\t\tcallback: cb\n\t\t\t\t\t}\n\t\t\t\t);\n\t\t\t}\n\t\t}\n\t}\n})();\n<\/script><!-- Mailchimp for WordPress v4.12.2 - https:\/\/wordpress.org\/plugins\/mailchimp-for-wp\/ --><form id=\"mc4wp-form-1\" class=\"mc4wp-form mc4wp-form-38\" method=\"post\" data-id=\"38\" data-name=\"Feliratkoz\u00e1s\" ><div class=\"mc4wp-form-fields\"><p>\t\r\n\t\t<input type=\"email\" id=\"email\" name=\"EMAIL\" placeholder=\"E-mail c\u00edm*\" required>\r\n<\/p>\r\n<p>\t\r\n\t\t<input type=\"text\" id=\"name\" name=\"FNAME\" placeholder=\"N\u00e9v*\" required>\r\n<\/p>\r\n<p>* k\u00f6telez\u0151en kit\u00f6ltend\u0151<\/p>\r\n\r\n<div style=\"display:flex; align-items:center; gap:0.5rem;\">\r\n  <input type=\"checkbox\" id=\"gdpr-consent\" name=\"gdpr-consent\" value=\"1\" required>\r\n  \r\n  <label for=\"gdpr-consent\" style=\"margin:0;\">\r\n    Elolvastam \u00e9s elfogadom az <a href=\"https:\/\/pixelliberty.hu\/adatkezelesi-tajekoztato\" target=\"_blank\"> Adatkezel\u00e9si T\u00e1j\u00e9koztat\u00f3t<\/a>\r\n  <\/label>\r\n<\/div>\r\n\r\n<p>\r\n\t<input type=\"submit\" value=\"Feliratkoz\u00e1s\">\r\n<\/p>\r\n\r\n\r\n  <\/div><label style=\"display: none !important;\">Ha \u00d6n ember, hagyja \u00fcresen ezt a mez\u0151t: <input type=\"text\" name=\"_mc4wp_honeypot\" value=\"\" tabindex=\"-1\" autocomplete=\"off\" \/><\/label><input type=\"hidden\" name=\"_mc4wp_timestamp\" value=\"1777609856\" \/><input type=\"hidden\" name=\"_mc4wp_form_id\" value=\"38\" \/><input type=\"hidden\" name=\"_mc4wp_form_element_id\" value=\"mc4wp-form-1\" \/><div class=\"mc4wp-response\"><\/div><\/form><!-- \/ Mailchimp for WordPress Plugin -->\n\n\n\n<div style=\"height:50px\" aria-hidden=\"true\" class=\"wp-block-spacer\"><\/div>\n<\/div><\/div>\n\n\n\n<div style=\"height:50px\" aria-hidden=\"true\" class=\"wp-block-spacer\"><\/div>\n\n\n\n<div class=\"wp-block-buttons is-layout-flex wp-block-buttons-is-layout-flex\">\n<div class=\"wp-block-button\"><a class=\"wp-block-button__link wp-element-button\" href=\"https:\/\/pixelliberty.hu\/?cat=9\">vissza<\/a><\/div>\n<\/div>\n\n\n\n<div style=\"height:50px\" aria-hidden=\"true\" class=\"wp-block-spacer\"><\/div>\n","protected":false},"excerpt":{"rendered":"<p>N\u00e9zz\u00fck meg az 5 kedvenc webdesign trendemet 2025-ben. A v\u00e1laszt\u00e1s most sem volt k\u00f6nny\u0171, Digit\u00e1lis k\u00e9nyelem. J\u00f3, de mi ez, &#8230;<\/p>\n","protected":false},"author":1,"featured_media":232,"comment_status":"open","ping_status":"open","sticky":false,"template":"","format":"standard","meta":{"footnotes":""},"categories":[9,1,4],"tags":[5,6],"class_list":["post-42","post","type-post","status-publish","format-standard","has-post-thumbnail","hentry","category-blog","category-egyeb","category-webdesign","tag-szinek","tag-webdesign"],"_links":{"self":[{"href":"https:\/\/pixelliberty.hu\/index.php?rest_route=\/wp\/v2\/posts\/42","targetHints":{"allow":["GET"]}}],"collection":[{"href":"https:\/\/pixelliberty.hu\/index.php?rest_route=\/wp\/v2\/posts"}],"about":[{"href":"https:\/\/pixelliberty.hu\/index.php?rest_route=\/wp\/v2\/types\/post"}],"author":[{"embeddable":true,"href":"https:\/\/pixelliberty.hu\/index.php?rest_route=\/wp\/v2\/users\/1"}],"replies":[{"embeddable":true,"href":"https:\/\/pixelliberty.hu\/index.php?rest_route=%2Fwp%2Fv2%2Fcomments&post=42"}],"version-history":[{"count":6,"href":"https:\/\/pixelliberty.hu\/index.php?rest_route=\/wp\/v2\/posts\/42\/revisions"}],"predecessor-version":[{"id":366,"href":"https:\/\/pixelliberty.hu\/index.php?rest_route=\/wp\/v2\/posts\/42\/revisions\/366"}],"wp:featuredmedia":[{"embeddable":true,"href":"https:\/\/pixelliberty.hu\/index.php?rest_route=\/wp\/v2\/media\/232"}],"wp:attachment":[{"href":"https:\/\/pixelliberty.hu\/index.php?rest_route=%2Fwp%2Fv2%2Fmedia&parent=42"}],"wp:term":[{"taxonomy":"category","embeddable":true,"href":"https:\/\/pixelliberty.hu\/index.php?rest_route=%2Fwp%2Fv2%2Fcategories&post=42"},{"taxonomy":"post_tag","embeddable":true,"href":"https:\/\/pixelliberty.hu\/index.php?rest_route=%2Fwp%2Fv2%2Ftags&post=42"}],"curies":[{"name":"wp","href":"https:\/\/api.w.org\/{rel}","templated":true}]}}